{"id":358,"date":"2023-08-17T15:33:09","date_gmt":"2023-08-17T13:33:09","guid":{"rendered":"https:\/\/www.nicolasvazqueztorres.com\/?p=358"},"modified":"2023-08-17T15:35:34","modified_gmt":"2023-08-17T13:35:34","slug":"xiii-encuentro-de-artistas-cortijo-de-guadacorte","status":"publish","type":"post","link":"https:\/\/www.nicolasvazqueztorres.com\/index.php\/2023\/08\/17\/xiii-encuentro-de-artistas-cortijo-de-guadacorte\/","title":{"rendered":"XIII Encuentro de artistas Cortijo de Guadacorte"},"content":{"rendered":"\n<figure class=\"wp-block-gallery has-nested-images columns-default is-cropped wp-block-gallery-1 is-layout-flex wp-block-gallery-is-layout-flex\">\n<figure class=\"wp-block-image size-large\"><img loading=\"lazy\" decoding=\"async\" width=\"713\" height=\"915\" data-id=\"359\" src=\"https:\/\/www.nicolasvazqueztorres.com\/wp-content\/uploads\/2023\/08\/Cartel_CGuadacorte.jpg\" alt=\"\" class=\"wp-image-359\" srcset=\"https:\/\/www.nicolasvazqueztorres.com\/wp-content\/uploads\/2023\/08\/Cartel_CGuadacorte.jpg 713w, https:\/\/www.nicolasvazqueztorres.com\/wp-content\/uploads\/2023\/08\/Cartel_CGuadacorte-234x300.jpg 234w\" sizes=\"auto, (max-width: 713px) 100vw, 713px\" \/><\/figure>\n<\/figure>\n\n\n\n<p>Desde su \u00faltima edici\u00f3n en 2019, el pr\u00f3ximo 19 de agosto este encuentro cultural volver\u00e1 a presentar a m\u00e1s de una veintena de artistas que expondr\u00e1n unas 120 obras al p\u00fablico. Se mostrar\u00e1n \u00f3leos, acr\u00edlicos, acuarelas, collages, fotograf\u00edas y esculturas que podr\u00e1n ser adquiridas por el p\u00fablico por unos precios que oscilar\u00e1n desde los 100 euros hasta los 7.000 euros.<br>La exposici\u00f3n se inaugurar\u00e1 <strong>el viernes 18 de agosto a las 21.00<\/strong> con entrada mediante invitaci\u00f3n y estar\u00e1 abierta a todos los p\u00fablicos con acceso gratuito a partir del\u00a0 <strong>s\u00e1bado 19 y el domingo 20 desde las 21.00<\/strong> hasta la medianoche.<\/p>\n\n\n\n<p>Presento 4 cuadros representativos de mis \u00faltimas realizaciones. Nos vemos.<\/p>\n\n\n\n<figure class=\"wp-block-image size-full\"><img loading=\"lazy\" decoding=\"async\" width=\"755\" height=\"761\" src=\"https:\/\/www.nicolasvazqueztorres.com\/wp-content\/uploads\/2023\/08\/Cuadro_Guadacorte.jpg\" alt=\"\" class=\"wp-image-360\" srcset=\"https:\/\/www.nicolasvazqueztorres.com\/wp-content\/uploads\/2023\/08\/Cuadro_Guadacorte.jpg 755w, https:\/\/www.nicolasvazqueztorres.com\/wp-content\/uploads\/2023\/08\/Cuadro_Guadacorte-298x300.jpg 298w, https:\/\/www.nicolasvazqueztorres.com\/wp-content\/uploads\/2023\/08\/Cuadro_Guadacorte-150x150.jpg 150w, https:\/\/www.nicolasvazqueztorres.com\/wp-content\/uploads\/2023\/08\/Cuadro_Guadacorte-100x100.jpg 100w\" sizes=\"auto, (max-width: 706px) 89vw, (max-width: 767px) 82vw, 740px\" \/><\/figure>\n","protected":false},"excerpt":{"rendered":"<p>Desde su \u00faltima edici\u00f3n en 2019, el pr\u00f3ximo 19 de agosto este encuentro cultural volver\u00e1 a presentar a m\u00e1s de una veintena de artistas que expondr\u00e1n unas 120 obras al p\u00fablico. Se mostrar\u00e1n \u00f3leos, acr\u00edlicos, acuarelas, collages, fotograf\u00edas y esculturas que podr\u00e1n ser adquiridas por el p\u00fablico por unos precios que oscilar\u00e1n desde los 100 &hellip; <\/p>\n<p class=\"link-more\"><a href=\"https:\/\/www.nicolasvazqueztorres.com\/index.php\/2023\/08\/17\/xiii-encuentro-de-artistas-cortijo-de-guadacorte\/\" class=\"more-link\">Continuar leyendo<span class=\"screen-reader-text\"> \u00abXIII Encuentro de artistas Cortijo de Guadacorte\u00bb<\/span><\/a><\/p>\n","protected":false},"author":1,"featured_media":0,"comment_status":"open","ping_status":"open","sticky":false,"template":"","format":"standard","meta":{"footnotes":""},"categories":[10],"tags":[34,28,7,35,25],"class_list":["post-358","post","type-post","status-publish","format-standard","hentry","category-exposiciones","tag-arte","tag-cultura","tag-exposicion","tag-guadacorte","tag-pintura"],"_links":{"self":[{"href":"https:\/\/www.nicolasvazqueztorres.com\/index.php\/wp-json\/wp\/v2\/posts\/358","targetHints":{"allow":["GET"]}}],"collection":[{"href":"https:\/\/www.nicolasvazqueztorres.com\/index.php\/wp-json\/wp\/v2\/posts"}],"about":[{"href":"https:\/\/www.nicolasvazqueztorres.com\/index.php\/wp-json\/wp\/v2\/types\/post"}],"author":[{"embeddable":true,"href":"https:\/\/www.nicolasvazqueztorres.com\/index.php\/wp-json\/wp\/v2\/users\/1"}],"replies":[{"embeddable":true,"href":"https:\/\/www.nicolasvazqueztorres.com\/index.php\/wp-json\/wp\/v2\/comments?post=358"}],"version-history":[{"count":3,"href":"https:\/\/www.nicolasvazqueztorres.com\/index.php\/wp-json\/wp\/v2\/posts\/358\/revisions"}],"predecessor-version":[{"id":364,"href":"https:\/\/www.nicolasvazqueztorres.com\/index.php\/wp-json\/wp\/v2\/posts\/358\/revisions\/364"}],"wp:attachment":[{"href":"https:\/\/www.nicolasvazqueztorres.com\/index.php\/wp-json\/wp\/v2\/media?parent=358"}],"wp:term":[{"taxonomy":"category","embeddable":true,"href":"https:\/\/www.nicolasvazqueztorres.com\/index.php\/wp-json\/wp\/v2\/categories?post=358"},{"taxonomy":"post_tag","embeddable":true,"href":"https:\/\/www.nicolasvazqueztorres.com\/index.php\/wp-json\/wp\/v2\/tags?post=358"}],"curies":[{"name":"wp","href":"https:\/\/api.w.org\/{rel}","templated":true}]}}