{"id":308,"date":"2022-06-27T19:46:12","date_gmt":"2022-06-27T17:46:12","guid":{"rendered":"https:\/\/www.nicolasvazqueztorres.com\/?p=308"},"modified":"2022-06-29T17:08:16","modified_gmt":"2022-06-29T15:08:16","slug":"segun-se-mire","status":"publish","type":"post","link":"https:\/\/www.nicolasvazqueztorres.com\/index.php\/2022\/06\/27\/segun-se-mire\/","title":{"rendered":"SEG\u00daN SE MIRE"},"content":{"rendered":"\n<p>El pr\u00f3ximo  d\u00eda <strong> 1 de julio , a las 21:00<\/strong> , inauguro exposici\u00f3n en <a href=\"https:\/\/es-es.facebook.com\/AsociacionAlcultura\/\">ALCULTURA<\/a>, podr\u00e1 visitarse en el  BOX PACO SOTO durante todo el verano hasta el viernes 2 de septiembre de 2022.<br><strong><mark style=\"background-color:rgba(0, 0, 0, 0)\" class=\"has-inline-color has-vivid-cyan-blue-color\">Os espero<\/mark> <\/strong>!!!!<\/p>\n\n\n<div class=\"wp-block-image\">\n<figure class=\"aligncenter size-full\"><img loading=\"lazy\" decoding=\"async\" width=\"370\" height=\"359\" src=\"https:\/\/www.nicolasvazqueztorres.com\/wp-content\/uploads\/2022\/06\/Cartel_07_2022_2.jpg\" alt=\"\" class=\"wp-image-309\" srcset=\"https:\/\/www.nicolasvazqueztorres.com\/wp-content\/uploads\/2022\/06\/Cartel_07_2022_2.jpg 370w, https:\/\/www.nicolasvazqueztorres.com\/wp-content\/uploads\/2022\/06\/Cartel_07_2022_2-300x291.jpg 300w\" sizes=\"auto, (max-width: 370px) 100vw, 370px\" \/><\/figure>\n<\/div>","protected":false},"excerpt":{"rendered":"<p>El pr\u00f3ximo d\u00eda 1 de julio , a las 21:00 , inauguro exposici\u00f3n en ALCULTURA, podr\u00e1 visitarse en el BOX PACO SOTO durante todo el verano hasta el viernes 2 de septiembre de 2022.Os espero !!!!<\/p>\n","protected":false},"author":1,"featured_media":0,"comment_status":"open","ping_status":"open","sticky":false,"template":"","format":"standard","meta":{"footnotes":""},"categories":[10],"tags":[15,14,24,26,7,25],"class_list":["post-308","post","type-post","status-publish","format-standard","hentry","category-exposiciones","tag-alcultura","tag-algeciras","tag-box-paco-soto","tag-campo-de-gibraltar","tag-exposicion","tag-pintura"],"_links":{"self":[{"href":"https:\/\/www.nicolasvazqueztorres.com\/index.php\/wp-json\/wp\/v2\/posts\/308","targetHints":{"allow":["GET"]}}],"collection":[{"href":"https:\/\/www.nicolasvazqueztorres.com\/index.php\/wp-json\/wp\/v2\/posts"}],"about":[{"href":"https:\/\/www.nicolasvazqueztorres.com\/index.php\/wp-json\/wp\/v2\/types\/post"}],"author":[{"embeddable":true,"href":"https:\/\/www.nicolasvazqueztorres.com\/index.php\/wp-json\/wp\/v2\/users\/1"}],"replies":[{"embeddable":true,"href":"https:\/\/www.nicolasvazqueztorres.com\/index.php\/wp-json\/wp\/v2\/comments?post=308"}],"version-history":[{"count":2,"href":"https:\/\/www.nicolasvazqueztorres.com\/index.php\/wp-json\/wp\/v2\/posts\/308\/revisions"}],"predecessor-version":[{"id":311,"href":"https:\/\/www.nicolasvazqueztorres.com\/index.php\/wp-json\/wp\/v2\/posts\/308\/revisions\/311"}],"wp:attachment":[{"href":"https:\/\/www.nicolasvazqueztorres.com\/index.php\/wp-json\/wp\/v2\/media?parent=308"}],"wp:term":[{"taxonomy":"category","embeddable":true,"href":"https:\/\/www.nicolasvazqueztorres.com\/index.php\/wp-json\/wp\/v2\/categories?post=308"},{"taxonomy":"post_tag","embeddable":true,"href":"https:\/\/www.nicolasvazqueztorres.com\/index.php\/wp-json\/wp\/v2\/tags?post=308"}],"curies":[{"name":"wp","href":"https:\/\/api.w.org\/{rel}","templated":true}]}}